{"id":29534,"date":"2024-11-19T09:51:31","date_gmt":"2024-11-19T12:51:31","guid":{"rendered":"https:\/\/clubuniversitario.org.ar\/nueva\/?p=29534"},"modified":"2024-11-19T09:51:31","modified_gmt":"2024-11-19T12:51:31","slug":"julio-velasco-de-la-u-al-mundo","status":"publish","type":"post","link":"https:\/\/clubuniversitario.org.ar\/nueva\/julio-velasco-de-la-u-al-mundo\/","title":{"rendered":"Julio Velasco de la  U al mundo"},"content":{"rendered":"<p>El domingo\u00a0 17 de noviembre homenajeamos a nuestro gran maestro Julio Velasco, presente en nuestra historia y en nuestras paredes. el artistas Bruno Sirota fue el encargado de pintar el Mural en nuestra sede de Gonnet \u00a0con la frase: \u201cel ser humano necesita la vida en comunidad, esa vida te la dan los clubes\u201d<\/p>\n<p>Con alegr\u00eda y emoci\u00f3n lo recibimos en el club, para el almuerzo que en cada visita a Argentina, realiza con ex-compa\u00f1eros\/as y amistades de su juventud en Universitario.<\/p>\n<p>Actualmente Julio Velasco entrena a la Selecci\u00f3n Femenina de V\u00f3ley de Italia, equipo que obtuvo la medalla de oro en los Juegos Ol\u00edmpicos de Paris 2024. Adem\u00e1s, ha sido distinguido como el Entrenador del Siglo XX.<\/p>\n<p>\u00a1Gracias Julio por tus valores y por las palabras y gestos de cari\u00f1o que siempre ten\u00e9s hacia la U!<\/p>\n","protected":false},"excerpt":{"rendered":"<p>El domingo\u00a0 17 de noviembre homenajeamos a nuestro gran maestro Julio Velasco, presente en nuestra historia y en nuestras paredes&#8230;.<\/p>\n","protected":false},"author":6,"featured_media":29536,"comment_status":"closed","ping_status":"closed","sticky":false,"template":"","format":"standard","meta":{"footnotes":""},"categories":[303,302,301,309],"tags":[434,435,362],"class_list":{"0":"post-29534","1":"post","2":"type-post","3":"status-publish","4":"format-standard","5":"has-post-thumbnail","7":"category-deportes","8":"category-destacada","9":"category-inicio","10":"category-voley","11":"tag-julio-velasco","12":"tag-mural","13":"tag-voley"},"yoast_head":"<!-- This site is optimized with the Yoast SEO plugin v27.2 - https:\/\/yoast.com\/product\/yoast-seo-wordpress\/ -->\n<title>Julio Velasco de la U al mundo - Club Universitario de La Plata<\/title>\n<meta name=\"robots\" content=\"index, follow, max-snippet:-1, max-image-preview:large, max-video-preview:-1\" \/>\n<link rel=\"canonical\" href=\"https:\/\/clubuniversitario.org.ar\/nueva\/julio-velasco-de-la-u-al-mundo\/\" \/>\n<meta property=\"og:locale\" content=\"es_ES\" \/>\n<meta property=\"og:type\" content=\"article\" \/>\n<meta property=\"og:title\" content=\"Julio Velasco de la U al mundo - Club Universitario de La Plata\" \/>\n<meta property=\"og:description\" content=\"El domingo\u00a0 17 de noviembre homenajeamos a nuestro gran maestro Julio Velasco, presente en nuestra historia y en nuestras paredes....\" \/>\n<meta property=\"og:url\" content=\"https:\/\/clubuniversitario.org.ar\/nueva\/julio-velasco-de-la-u-al-mundo\/\" \/>\n<meta property=\"og:site_name\" content=\"Club Universitario de La Plata\" \/>\n<meta property=\"article:publisher\" content=\"https:\/\/www.facebook.com\/Club-Universitario-de-La-Plata-176185835734694\/?hc_ref=ART4lDE5L4ECCo1yQz4yWSoD5fnWRMmP3rkoBkzTQEOFdNnyA3LFdlewstNUQYd0Yps\" \/>\n<meta property=\"article:published_time\" content=\"2024-11-19T12:51:31+00:00\" \/>\n<meta property=\"og:image\" content=\"https:\/\/clubuniversitario.org.ar\/nueva\/wp-content\/uploads\/WhatsApp-Image-2024-11-19-at-8.49.07-AM-1.jpeg\" \/>\n\t<meta property=\"og:image:width\" content=\"828\" \/>\n\t<meta property=\"og:image:height\" content=\"620\" \/>\n\t<meta property=\"og:image:type\" content=\"image\/jpeg\" \/>\n<meta name=\"author\" content=\"ramirofernandezgener@gmail.com\" \/>\n<meta name=\"twitter:card\" content=\"summary_large_image\" \/>\n<meta name=\"twitter:creator\" content=\"@CULP_oficial\" \/>\n<meta name=\"twitter:site\" content=\"@CULP_oficial\" \/>\n<meta name=\"twitter:label1\" content=\"Escrito por\" \/>\n\t<meta name=\"twitter:data1\" content=\"ramirofernandezgener@gmail.com\" \/>\n\t<meta name=\"twitter:label2\" content=\"Tiempo de lectura\" \/>\n\t<meta name=\"twitter:data2\" content=\"1 minuto\" \/>\n<script type=\"application\/ld+json\" class=\"yoast-schema-graph\">{\"@context\":\"https:\/\/schema.org\",\"@graph\":[{\"@type\":\"Article\",\"@id\":\"https:\/\/clubuniversitario.org.ar\/nueva\/julio-velasco-de-la-u-al-mundo\/#article\",\"isPartOf\":{\"@id\":\"https:\/\/clubuniversitario.org.ar\/nueva\/julio-velasco-de-la-u-al-mundo\/\"},\"author\":{\"name\":\"ramirofernandezgener@gmail.com\",\"@id\":\"https:\/\/clubuniversitario.org.ar\/nueva\/#\/schema\/person\/4be29fab66ab41f1e65e8d7f1f2a941d\"},\"headline\":\"Julio Velasco de la U al mundo\",\"datePublished\":\"2024-11-19T12:51:31+00:00\",\"mainEntityOfPage\":{\"@id\":\"https:\/\/clubuniversitario.org.ar\/nueva\/julio-velasco-de-la-u-al-mundo\/\"},\"wordCount\":152,\"publisher\":{\"@id\":\"https:\/\/clubuniversitario.org.ar\/nueva\/#organization\"},\"image\":{\"@id\":\"https:\/\/clubuniversitario.org.ar\/nueva\/julio-velasco-de-la-u-al-mundo\/#primaryimage\"},\"thumbnailUrl\":\"https:\/\/clubuniversitario.org.ar\/nueva\/wp-content\/uploads\/WhatsApp-Image-2024-11-19-at-8.49.07-AM-1.jpeg\",\"keywords\":[\"Julio Velasco\",\"mural\",\"Voley\"],\"articleSection\":[\"Deportes\",\"Destacada\",\"Inicio\",\"Voley\"],\"inLanguage\":\"es-AR\"},{\"@type\":\"WebPage\",\"@id\":\"https:\/\/clubuniversitario.org.ar\/nueva\/julio-velasco-de-la-u-al-mundo\/\",\"url\":\"https:\/\/clubuniversitario.org.ar\/nueva\/julio-velasco-de-la-u-al-mundo\/\",\"name\":\"Julio Velasco de la U al mundo - Club Universitario de La Plata\",\"isPartOf\":{\"@id\":\"https:\/\/clubuniversitario.org.ar\/nueva\/#website\"},\"primaryImageOfPage\":{\"@id\":\"https:\/\/clubuniversitario.org.ar\/nueva\/julio-velasco-de-la-u-al-mundo\/#primaryimage\"},\"image\":{\"@id\":\"https:\/\/clubuniversitario.org.ar\/nueva\/julio-velasco-de-la-u-al-mundo\/#primaryimage\"},\"thumbnailUrl\":\"https:\/\/clubuniversitario.org.ar\/nueva\/wp-content\/uploads\/WhatsApp-Image-2024-11-19-at-8.49.07-AM-1.jpeg\",\"datePublished\":\"2024-11-19T12:51:31+00:00\",\"breadcrumb\":{\"@id\":\"https:\/\/clubuniversitario.org.ar\/nueva\/julio-velasco-de-la-u-al-mundo\/#breadcrumb\"},\"inLanguage\":\"es-AR\",\"potentialAction\":[{\"@type\":\"ReadAction\",\"target\":[\"https:\/\/clubuniversitario.org.ar\/nueva\/julio-velasco-de-la-u-al-mundo\/\"]}]},{\"@type\":\"ImageObject\",\"inLanguage\":\"es-AR\",\"@id\":\"https:\/\/clubuniversitario.org.ar\/nueva\/julio-velasco-de-la-u-al-mundo\/#primaryimage\",\"url\":\"https:\/\/clubuniversitario.org.ar\/nueva\/wp-content\/uploads\/WhatsApp-Image-2024-11-19-at-8.49.07-AM-1.jpeg\",\"contentUrl\":\"https:\/\/clubuniversitario.org.ar\/nueva\/wp-content\/uploads\/WhatsApp-Image-2024-11-19-at-8.49.07-AM-1.jpeg\",\"width\":828,\"height\":620},{\"@type\":\"BreadcrumbList\",\"@id\":\"https:\/\/clubuniversitario.org.ar\/nueva\/julio-velasco-de-la-u-al-mundo\/#breadcrumb\",\"itemListElement\":[{\"@type\":\"ListItem\",\"position\":1,\"name\":\"Inicio\",\"item\":\"https:\/\/clubuniversitario.org.ar\/nueva\/\"},{\"@type\":\"ListItem\",\"position\":2,\"name\":\"Julio Velasco de la U al mundo\"}]},{\"@type\":\"WebSite\",\"@id\":\"https:\/\/clubuniversitario.org.ar\/nueva\/#website\",\"url\":\"https:\/\/clubuniversitario.org.ar\/nueva\/\",\"name\":\"Club Universitario de La Plata\",\"description\":\"\",\"publisher\":{\"@id\":\"https:\/\/clubuniversitario.org.ar\/nueva\/#organization\"},\"potentialAction\":[{\"@type\":\"SearchAction\",\"target\":{\"@type\":\"EntryPoint\",\"urlTemplate\":\"https:\/\/clubuniversitario.org.ar\/nueva\/?s={search_term_string}\"},\"query-input\":{\"@type\":\"PropertyValueSpecification\",\"valueRequired\":true,\"valueName\":\"search_term_string\"}}],\"inLanguage\":\"es-AR\"},{\"@type\":\"Organization\",\"@id\":\"https:\/\/clubuniversitario.org.ar\/nueva\/#organization\",\"name\":\"Club Universitario de La Plata\",\"url\":\"https:\/\/clubuniversitario.org.ar\/nueva\/\",\"logo\":{\"@type\":\"ImageObject\",\"inLanguage\":\"es-AR\",\"@id\":\"https:\/\/clubuniversitario.org.ar\/nueva\/#\/schema\/logo\/image\/\",\"url\":\"http:\/\/clubuniversitario.org.ar\/nueva\/wp-content\/uploads\/clubuniversitario-logo-01.png\",\"contentUrl\":\"http:\/\/clubuniversitario.org.ar\/nueva\/wp-content\/uploads\/clubuniversitario-logo-01.png\",\"width\":1698,\"height\":800,\"caption\":\"Club Universitario de La Plata\"},\"image\":{\"@id\":\"https:\/\/clubuniversitario.org.ar\/nueva\/#\/schema\/logo\/image\/\"},\"sameAs\":[\"https:\/\/www.facebook.com\/Club-Universitario-de-La-Plata-176185835734694\/?hc_ref=ART4lDE5L4ECCo1yQz4yWSoD5fnWRMmP3rkoBkzTQEOFdNnyA3LFdlewstNUQYd0Yps\",\"https:\/\/x.com\/CULP_oficial\",\"https:\/\/www.instagram.com\/culp_oficial\/\",\"https:\/\/www.youtube.com\/@clubuniversitariodelaplata3335\"]},{\"@type\":\"Person\",\"@id\":\"https:\/\/clubuniversitario.org.ar\/nueva\/#\/schema\/person\/4be29fab66ab41f1e65e8d7f1f2a941d\",\"name\":\"ramirofernandezgener@gmail.com\",\"image\":{\"@type\":\"ImageObject\",\"inLanguage\":\"es-AR\",\"@id\":\"https:\/\/secure.gravatar.com\/avatar\/b00c183f1cc85a0b70dd4a33a8572815d712b63e74d095ac7b543b6bfb5abd08?s=96&d=mm&r=g\",\"url\":\"https:\/\/secure.gravatar.com\/avatar\/b00c183f1cc85a0b70dd4a33a8572815d712b63e74d095ac7b543b6bfb5abd08?s=96&d=mm&r=g\",\"contentUrl\":\"https:\/\/secure.gravatar.com\/avatar\/b00c183f1cc85a0b70dd4a33a8572815d712b63e74d095ac7b543b6bfb5abd08?s=96&d=mm&r=g\",\"caption\":\"ramirofernandezgener@gmail.com\"},\"url\":\"https:\/\/clubuniversitario.org.ar\/nueva\/author\/ramirofernandezgenergmail-com\/\"}]}<\/script>\n<!-- \/ Yoast SEO plugin. -->","yoast_head_json":{"title":"Julio Velasco de la U al mundo - Club Universitario de La Plata","robots":{"index":"index","follow":"follow","max-snippet":"max-snippet:-1","max-image-preview":"max-image-preview:large","max-video-preview":"max-video-preview:-1"},"canonical":"https:\/\/clubuniversitario.org.ar\/nueva\/julio-velasco-de-la-u-al-mundo\/","og_locale":"es_ES","og_type":"article","og_title":"Julio Velasco de la U al mundo - Club Universitario de La Plata","og_description":"El domingo\u00a0 17 de noviembre homenajeamos a nuestro gran maestro Julio Velasco, presente en nuestra historia y en nuestras paredes....","og_url":"https:\/\/clubuniversitario.org.ar\/nueva\/julio-velasco-de-la-u-al-mundo\/","og_site_name":"Club Universitario de La Plata","article_publisher":"https:\/\/www.facebook.com\/Club-Universitario-de-La-Plata-176185835734694\/?hc_ref=ART4lDE5L4ECCo1yQz4yWSoD5fnWRMmP3rkoBkzTQEOFdNnyA3LFdlewstNUQYd0Yps","article_published_time":"2024-11-19T12:51:31+00:00","og_image":[{"width":828,"height":620,"url":"https:\/\/clubuniversitario.org.ar\/nueva\/wp-content\/uploads\/WhatsApp-Image-2024-11-19-at-8.49.07-AM-1.jpeg","type":"image\/jpeg"}],"author":"ramirofernandezgener@gmail.com","twitter_card":"summary_large_image","twitter_creator":"@CULP_oficial","twitter_site":"@CULP_oficial","twitter_misc":{"Escrito por":"ramirofernandezgener@gmail.com","Tiempo de lectura":"1 minuto"},"schema":{"@context":"https:\/\/schema.org","@graph":[{"@type":"Article","@id":"https:\/\/clubuniversitario.org.ar\/nueva\/julio-velasco-de-la-u-al-mundo\/#article","isPartOf":{"@id":"https:\/\/clubuniversitario.org.ar\/nueva\/julio-velasco-de-la-u-al-mundo\/"},"author":{"name":"ramirofernandezgener@gmail.com","@id":"https:\/\/clubuniversitario.org.ar\/nueva\/#\/schema\/person\/4be29fab66ab41f1e65e8d7f1f2a941d"},"headline":"Julio Velasco de la U al mundo","datePublished":"2024-11-19T12:51:31+00:00","mainEntityOfPage":{"@id":"https:\/\/clubuniversitario.org.ar\/nueva\/julio-velasco-de-la-u-al-mundo\/"},"wordCount":152,"publisher":{"@id":"https:\/\/clubuniversitario.org.ar\/nueva\/#organization"},"image":{"@id":"https:\/\/clubuniversitario.org.ar\/nueva\/julio-velasco-de-la-u-al-mundo\/#primaryimage"},"thumbnailUrl":"https:\/\/clubuniversitario.org.ar\/nueva\/wp-content\/uploads\/WhatsApp-Image-2024-11-19-at-8.49.07-AM-1.jpeg","keywords":["Julio Velasco","mural","Voley"],"articleSection":["Deportes","Destacada","Inicio","Voley"],"inLanguage":"es-AR"},{"@type":"WebPage","@id":"https:\/\/clubuniversitario.org.ar\/nueva\/julio-velasco-de-la-u-al-mundo\/","url":"https:\/\/clubuniversitario.org.ar\/nueva\/julio-velasco-de-la-u-al-mundo\/","name":"Julio Velasco de la U al mundo - Club Universitario de La Plata","isPartOf":{"@id":"https:\/\/clubuniversitario.org.ar\/nueva\/#website"},"primaryImageOfPage":{"@id":"https:\/\/clubuniversitario.org.ar\/nueva\/julio-velasco-de-la-u-al-mundo\/#primaryimage"},"image":{"@id":"https:\/\/clubuniversitario.org.ar\/nueva\/julio-velasco-de-la-u-al-mundo\/#primaryimage"},"thumbnailUrl":"https:\/\/clubuniversitario.org.ar\/nueva\/wp-content\/uploads\/WhatsApp-Image-2024-11-19-at-8.49.07-AM-1.jpeg","datePublished":"2024-11-19T12:51:31+00:00","breadcrumb":{"@id":"https:\/\/clubuniversitario.org.ar\/nueva\/julio-velasco-de-la-u-al-mundo\/#breadcrumb"},"inLanguage":"es-AR","potentialAction":[{"@type":"ReadAction","target":["https:\/\/clubuniversitario.org.ar\/nueva\/julio-velasco-de-la-u-al-mundo\/"]}]},{"@type":"ImageObject","inLanguage":"es-AR","@id":"https:\/\/clubuniversitario.org.ar\/nueva\/julio-velasco-de-la-u-al-mundo\/#primaryimage","url":"https:\/\/clubuniversitario.org.ar\/nueva\/wp-content\/uploads\/WhatsApp-Image-2024-11-19-at-8.49.07-AM-1.jpeg","contentUrl":"https:\/\/clubuniversitario.org.ar\/nueva\/wp-content\/uploads\/WhatsApp-Image-2024-11-19-at-8.49.07-AM-1.jpeg","width":828,"height":620},{"@type":"BreadcrumbList","@id":"https:\/\/clubuniversitario.org.ar\/nueva\/julio-velasco-de-la-u-al-mundo\/#breadcrumb","itemListElement":[{"@type":"ListItem","position":1,"name":"Inicio","item":"https:\/\/clubuniversitario.org.ar\/nueva\/"},{"@type":"ListItem","position":2,"name":"Julio Velasco de la U al mundo"}]},{"@type":"WebSite","@id":"https:\/\/clubuniversitario.org.ar\/nueva\/#website","url":"https:\/\/clubuniversitario.org.ar\/nueva\/","name":"Club Universitario de La Plata","description":"","publisher":{"@id":"https:\/\/clubuniversitario.org.ar\/nueva\/#organization"},"potentialAction":[{"@type":"SearchAction","target":{"@type":"EntryPoint","urlTemplate":"https:\/\/clubuniversitario.org.ar\/nueva\/?s={search_term_string}"},"query-input":{"@type":"PropertyValueSpecification","valueRequired":true,"valueName":"search_term_string"}}],"inLanguage":"es-AR"},{"@type":"Organization","@id":"https:\/\/clubuniversitario.org.ar\/nueva\/#organization","name":"Club Universitario de La Plata","url":"https:\/\/clubuniversitario.org.ar\/nueva\/","logo":{"@type":"ImageObject","inLanguage":"es-AR","@id":"https:\/\/clubuniversitario.org.ar\/nueva\/#\/schema\/logo\/image\/","url":"http:\/\/clubuniversitario.org.ar\/nueva\/wp-content\/uploads\/clubuniversitario-logo-01.png","contentUrl":"http:\/\/clubuniversitario.org.ar\/nueva\/wp-content\/uploads\/clubuniversitario-logo-01.png","width":1698,"height":800,"caption":"Club Universitario de La Plata"},"image":{"@id":"https:\/\/clubuniversitario.org.ar\/nueva\/#\/schema\/logo\/image\/"},"sameAs":["https:\/\/www.facebook.com\/Club-Universitario-de-La-Plata-176185835734694\/?hc_ref=ART4lDE5L4ECCo1yQz4yWSoD5fnWRMmP3rkoBkzTQEOFdNnyA3LFdlewstNUQYd0Yps","https:\/\/x.com\/CULP_oficial","https:\/\/www.instagram.com\/culp_oficial\/","https:\/\/www.youtube.com\/@clubuniversitariodelaplata3335"]},{"@type":"Person","@id":"https:\/\/clubuniversitario.org.ar\/nueva\/#\/schema\/person\/4be29fab66ab41f1e65e8d7f1f2a941d","name":"ramirofernandezgener@gmail.com","image":{"@type":"ImageObject","inLanguage":"es-AR","@id":"https:\/\/secure.gravatar.com\/avatar\/b00c183f1cc85a0b70dd4a33a8572815d712b63e74d095ac7b543b6bfb5abd08?s=96&d=mm&r=g","url":"https:\/\/secure.gravatar.com\/avatar\/b00c183f1cc85a0b70dd4a33a8572815d712b63e74d095ac7b543b6bfb5abd08?s=96&d=mm&r=g","contentUrl":"https:\/\/secure.gravatar.com\/avatar\/b00c183f1cc85a0b70dd4a33a8572815d712b63e74d095ac7b543b6bfb5abd08?s=96&d=mm&r=g","caption":"ramirofernandezgener@gmail.com"},"url":"https:\/\/clubuniversitario.org.ar\/nueva\/author\/ramirofernandezgenergmail-com\/"}]}},"menu_order":0,"_links":{"self":[{"href":"https:\/\/clubuniversitario.org.ar\/nueva\/wp-json\/wp\/v2\/posts\/29534","targetHints":{"allow":["GET"]}}],"collection":[{"href":"https:\/\/clubuniversitario.org.ar\/nueva\/wp-json\/wp\/v2\/posts"}],"about":[{"href":"https:\/\/clubuniversitario.org.ar\/nueva\/wp-json\/wp\/v2\/types\/post"}],"author":[{"embeddable":true,"href":"https:\/\/clubuniversitario.org.ar\/nueva\/wp-json\/wp\/v2\/users\/6"}],"replies":[{"embeddable":true,"href":"https:\/\/clubuniversitario.org.ar\/nueva\/wp-json\/wp\/v2\/comments?post=29534"}],"version-history":[{"count":0,"href":"https:\/\/clubuniversitario.org.ar\/nueva\/wp-json\/wp\/v2\/posts\/29534\/revisions"}],"wp:featuredmedia":[{"embeddable":true,"href":"https:\/\/clubuniversitario.org.ar\/nueva\/wp-json\/wp\/v2\/media\/29536"}],"wp:attachment":[{"href":"https:\/\/clubuniversitario.org.ar\/nueva\/wp-json\/wp\/v2\/media?parent=29534"}],"wp:term":[{"taxonomy":"category","embeddable":true,"href":"https:\/\/clubuniversitario.org.ar\/nueva\/wp-json\/wp\/v2\/categories?post=29534"},{"taxonomy":"post_tag","embeddable":true,"href":"https:\/\/clubuniversitario.org.ar\/nueva\/wp-json\/wp\/v2\/tags?post=29534"}],"curies":[{"name":"wp","href":"https:\/\/api.w.org\/{rel}","templated":true}]}}